{"id":720,"date":"2014-05-27T22:24:43","date_gmt":"2014-05-27T21:24:43","guid":{"rendered":"http:\/\/www.isoc.se\/?p=720"},"modified":"2014-05-27T22:24:43","modified_gmt":"2014-05-27T21:24:43","slug":"extra-foreningsstamma-for-isoc-se-samt-seminarium-om-internet-for-alla","status":"publish","type":"post","link":"https:\/\/isoc.se\/blogg\/extra-foreningsstamma-for-isoc-se-samt-seminarium-om-internet-for-alla\/","title":{"rendered":"EXTRA F\u00d6RENINGSST\u00c4MMA F\u00d6R ISOC-SE SAMT SEMINARIUM OM INTERNET F\u00d6R ALLA"},"content":{"rendered":"<p>TID: M\u00e5ndagen 16 juni 2014 17.30 &#8211; 19.30<br \/>\nPLATS: .SE, Ringv\u00e4gen 100, Hiss A 9 tr, H\u00f6rsalen<\/p>\n<p>PROGRAM<br \/>\n17.30 Vi samlas och \u00e4ter n\u00e5got enkelt<br \/>\n17.45 &#8211; 18:15 Extra f\u00f6reningsst\u00e4mma<br \/>\n18:15 &#8211; 19:30 Seminarium: Internet f\u00f6r alla?<\/p>\n<p>ANM\u00c4LAN<br \/>\nAnm\u00e4l ditt deltagande till info@isoc.se senast den 9 juni. Vill du<br \/>\ndelta p\u00e5 distans m\u00e5ste du dock anm\u00e4la detta senast 2 juni<\/p>\n<p>\u00c4MNET F\u00d6R ST\u00c4MMAN<br \/>\nExtrast\u00e4mman sammankallas f\u00f6r att fatta ett andra beslut om styrelsens f\u00f6rslag till stadge\u00e4ndring. Styrelsens motion\/proposition \u00e4r f\u00f6ranledd av det nya associationsavtalet med ISOC.<\/p>\n<p>Detta \u00e4r en extra st\u00e4mma som enligt stadgarna enbart f\u00e5r behandla den fr\u00e5ga som f\u00f6ranlett m\u00f6tet. I samband med st\u00e4mman kommer styrelsen emellertid kort informera om sitt kommande projekt som g\u00e5r ut p\u00e5 att g\u00f6ra en allm\u00e4n\u00a0\u00f6versyn av f\u00f6reningens stadgar. Synpunkter fr\u00e5n medlemmarna v\u00e4lkomnas!<\/p>\n<p>SEMINARIUM: \u00a0INTERNET F\u00d6R ALLA?<\/p>\n<p>ISOC menar att tillg\u00e5ng till internet kan f\u00f6rb\u00e4ttra livskvaliteten f\u00f6r m\u00e4nniskor i hela v\u00e4rlden, och har d\u00e4rf\u00f6r visionen &#8221;the Internet is for everyone&#8221;[1]. Det finns m\u00e5nga utmaningar som beh\u00f6ver hanteras f\u00f6r att n\u00e4tet p\u00e5 riktigt ska bli\u00a0tillg\u00e4ngligt och anv\u00e4ndbart f\u00f6r alla. Det handlar till exempel om fysisk infrastruktur, standardisering, utbildning, ekonomi, tillit och trygghet. Men det handlar ocks\u00e5 om att n\u00e4tets tj\u00e4nster och verktyg beh\u00f6ver anpassas efter\u00a0m\u00e4nniskors varierande f\u00f6rm\u00e5gor.<\/p>\n<p>P\u00e4r Lanner\u00f6 \u00e4r styrelseledamot i ISOC-SE, och arbetar till vardags med tillg\u00e4nglighet p\u00e5 webben f\u00f6r personer med funktionsneds\u00e4ttningar. P\u00e4r kommer att presentera grunderna f\u00f6r tillg\u00e4nglighet p\u00e5 webben, och tillsammans med\u00a0deltagarna resonera kring vad \u201dthe Internet is for everyone\u201d kan betyda i praktiken. Han kommer ocks\u00e5 att ber\u00e4tta om kommande lagstiftning p\u00e5 omr\u00e5det, och vad E-delegationen g\u00f6r tillsammans med PTS f\u00f6r att den svenska\u00a0delen av webben ska bli mer tillg\u00e4nglig f\u00f6r alla.<\/p>\n<p>[1] Se\u00a0http:\/\/www.internetsociety.org\/who-we-are\/mission\u00a0och\u00a0http:\/\/www.internetsociety.org\/who-we-are\/mission\/values-and-principles<\/p>\n<p>V\u00e4lkomna!<br \/>\n\/Maria H\u00e4ll<br \/>\nISOC-SE\u2019s styrelse<\/p>\n","protected":false},"excerpt":{"rendered":"<p>TID: M\u00e5ndagen 16 juni 2014 17.30 &#8211; 19.30 PLATS: .SE, Ringv\u00e4gen 100, Hiss A 9 tr, H\u00f6rsalen PROGRAM 17.30 Vi samlas och \u00e4ter n\u00e5got enkelt 17.45 &#8211; 18:15 Extra f\u00f6reningsst\u00e4mma 18:15 &#8211; 19:30 Seminarium: Internet f\u00f6r alla? ANM\u00c4LAN Anm\u00e4l ditt &hellip; <a href=\"https:\/\/isoc.se\/blogg\/extra-foreningsstamma-for-isoc-se-samt-seminarium-om-internet-for-alla\/\">L\u00e4s mer <span class=\"meta-nav\">&rarr;<\/span><\/a><\/p>\n","protected":false},"author":22,"featured_media":0,"comment_status":"open","ping_status":"open","sticky":false,"template":"","format":"standard","meta":{"footnotes":""},"categories":[1],"tags":[],"class_list":["post-720","post","type-post","status-publish","format-standard","hentry","category-uncategorized"],"_links":{"self":[{"href":"https:\/\/isoc.se\/blogg\/wp-json\/wp\/v2\/posts\/720","targetHints":{"allow":["GET"]}}],"collection":[{"href":"https:\/\/isoc.se\/blogg\/wp-json\/wp\/v2\/posts"}],"about":[{"href":"https:\/\/isoc.se\/blogg\/wp-json\/wp\/v2\/types\/post"}],"author":[{"embeddable":true,"href":"https:\/\/isoc.se\/blogg\/wp-json\/wp\/v2\/users\/22"}],"replies":[{"embeddable":true,"href":"https:\/\/isoc.se\/blogg\/wp-json\/wp\/v2\/comments?post=720"}],"version-history":[{"count":2,"href":"https:\/\/isoc.se\/blogg\/wp-json\/wp\/v2\/posts\/720\/revisions"}],"predecessor-version":[{"id":728,"href":"https:\/\/isoc.se\/blogg\/wp-json\/wp\/v2\/posts\/720\/revisions\/728"}],"wp:attachment":[{"href":"https:\/\/isoc.se\/blogg\/wp-json\/wp\/v2\/media?parent=720"}],"wp:term":[{"taxonomy":"category","embeddable":true,"href":"https:\/\/isoc.se\/blogg\/wp-json\/wp\/v2\/categories?post=720"},{"taxonomy":"post_tag","embeddable":true,"href":"https:\/\/isoc.se\/blogg\/wp-json\/wp\/v2\/tags?post=720"}],"curies":[{"name":"wp","href":"https:\/\/api.w.org\/{rel}","templated":true}]}}